{"id":9890,"date":"2022-06-22T17:02:51","date_gmt":"2022-06-22T15:02:51","guid":{"rendered":"https:\/\/fruiturisme.info\/?p=9890"},"modified":"2022-06-23T08:26:22","modified_gmt":"2022-06-23T06:26:22","slug":"aitona-en-fruita","status":"publish","type":"post","link":"https:\/\/fruiturisme.info\/fr\/aitona-en-fruita\/","title":{"rendered":"Aitona en fruita"},"content":{"rendered":"<h4 class=\"wp-block-heading\">L&#039;\u00e9t\u00e9 arrive et la saison des fruits commence \u00e0 Aitona. En juillet et ao\u00fbt derniers, j&#039;ai pass\u00e9 un s\u00e9jour tr\u00e8s agr\u00e9able. Vous pourrez constater par vous-m\u00eame la multitude d&#039;activit\u00e9s propos\u00e9es pour toute la famille et pour tous les go\u00fbts, avec les fruits \u00e0 l&#039;honneur. Tentez-vous\u00a0?<\/h4>\n\n\n\n<p class=\"has-white-color has-text-color\">.<\/p>\n\n\n\n<p class=\"has-vivid-red-color has-text-color has-medium-font-size\"><strong>LES ROUTES<\/strong><\/p>\n\n\n\n<p>Le <strong>Route de Presseguer <\/strong>Les 7, 9, 10, 14, 21 et 28 juillet, une visite guid\u00e9e des vergers est propos\u00e9e. Vous traverserez les arbres et b\u00e9n\u00e9ficierez du t\u00e9moignage direct d&#039;un de nos guides locaux. Vous pourrez ainsi appr\u00e9cier pleinement l&#039;exp\u00e9rience de la cueillette de fruits et en profiter pleinement.<\/p>\n\n\n\n<p class=\"has-black-color has-text-color\">Le d\u00e9part de ces itin\u00e9raires se fera \u00e0 <strong>9h30 du matin<\/strong> i caldr\u00e0 fer la <strong>r\u00e9server en ligne <\/strong>par ce<em> <a href=\"https:\/\/fruiturisme.info\/ca\/reserva-la-teva-experiencia\/ruta-del-presseguer-en-fruit\" target=\"_blank\" rel=\"noreferrer noopener\"><strong>web<\/strong><\/a><\/em> (Ouvrez www.fruiturisme.cat, cliquez sur R\u00e9servations puis sur Route Presseguer). Le punt de trobada sera le <strong>Centre sportif municipal <\/strong>(<a href=\"https:\/\/goo.gl\/maps\/5P1Y4CHLsH9Ch4qD8\" target=\"_blank\" rel=\"noreferrer noopener\">41\u00b029&#039;28.9\u2033N 0\u00b027&#039;34.6\u2033E<\/a>Lors des visites guid\u00e9es, le trajet jusqu&#039;au camp se fait \u00e0 votre domicile.<\/p>\n\n\n\n<figure class=\"wp-block-image aligncenter size-full is-resized\"><img decoding=\"async\" src=\"https:\/\/fruiturisme.info\/wp-content\/uploads\/Di5ohHoV4AANU3N-edited.jpg\" alt=\"\" class=\"wp-image-9930\" width=\"778\" srcset=\"https:\/\/fruiturisme.info\/wp-content\/uploads\/Di5ohHoV4AANU3N-edited.jpg 778w, https:\/\/fruiturisme.info\/wp-content\/uploads\/Di5ohHoV4AANU3N-edited-352x198.jpg 352w, https:\/\/fruiturisme.info\/wp-content\/uploads\/Di5ohHoV4AANU3N-edited-768x432.jpg 768w\" sizes=\"(max-width: 778px) 100vw, 778px\" \/><\/figure>\n\n\n\n<p>Si vous voulez voir les plus belles images, c&#039;est votre itin\u00e9raire. <strong>Parcours photographique<\/strong> (9 et 10 juillet). Nous photographierons les rayons du soleil se refl\u00e9tant dans les plus beaux paysages naturels d&#039;Aitona. Le d\u00e9part de ces itin\u00e9raires se fera \u00e0 <strong>6h00<\/strong> i caldr\u00e0 fer la <strong>r\u00e9server en ligne <\/strong>par ce <a href=\"https:\/\/fruiturisme.info\/ca\/reserva-la-teva-experiencia\/ruta-del-presseguer-en-fruit\" target=\"_blank\" rel=\"noreferrer noopener\"><strong>web<\/strong><\/a> (Ouvrez www.fruiturisme.cat, cliquez sur r\u00e9servations puis sur Route photographique. Le point final sera <strong>Centre sportif municipal <\/strong>(<a href=\"https:\/\/goo.gl\/maps\/5P1Y4CHLsH9Ch4qD8\" target=\"_blank\" rel=\"noreferrer noopener\">41\u00b029&#039;28.9\u2033N 0\u00b027&#039;34.6\u2033E<\/a>Le transfert sera effectu\u00e9 \u00e0 votre domicile priv\u00e9.<\/p>\n\n\n\n<p>Amb les <strong>itin\u00e9raires gratuits<\/strong> Vous pourrez profiter du grand air et des parfums d&#039;Aitona. Nous avons am\u00e9nag\u00e9 diff\u00e9rents itin\u00e9raires balis\u00e9s pour d\u00e9couvrir les environs. Scannez le QR code avec votre t\u00e9l\u00e9phone\u00a0!<\/p>\n\n\n\n<figure class=\"wp-block-image aligncenter size-large is-resized\"><img decoding=\"async\" src=\"https:\/\/fruiturisme.info\/wp-content\/uploads\/RUTES-PER-LLIURE-1120x348.png\" alt=\"\" class=\"wp-image-9909\" width=\"780\" srcset=\"https:\/\/fruiturisme.info\/wp-content\/uploads\/RUTES-PER-LLIURE-1120x348.png 1120w, https:\/\/fruiturisme.info\/wp-content\/uploads\/RUTES-PER-LLIURE-352x109.png 352w, https:\/\/fruiturisme.info\/wp-content\/uploads\/RUTES-PER-LLIURE-768x239.png 768w, https:\/\/fruiturisme.info\/wp-content\/uploads\/RUTES-PER-LLIURE-900x280.png 900w, https:\/\/fruiturisme.info\/wp-content\/uploads\/RUTES-PER-LLIURE.png 1318w\" sizes=\"(max-width: 1120px) 100vw, 1120px\" \/><\/figure>\n\n\n\n<p class=\"has-white-color has-text-color\">.<\/p>\n\n\n\n<p class=\"has-vivid-red-color has-text-color has-medium-font-size\"><strong>ATELIERS DE GASTRONOMIE ET DE TOURISME FRUITIER<\/strong><\/p>\n\n\n\n<p>Les 8 et 19 juillet ainsi que le 26 ao\u00fbt, des ateliers de GastroFruiturisme vous proposeront de d\u00e9couvrir de d\u00e9licieuses recettes mettant \u00e0 l&#039;honneur les fruits. Chaque atelier sera consacr\u00e9 \u00e0 un fruit en particulier. Nous commencerons par une savoureuse recette d&#039;amanite tropicale paraguayenne, accompagn\u00e9e de xipirons et d&#039;une vinaigrette aux fruits secs. Impossible de passer \u00e0 c\u00f4t\u00e9 d&#039;une bonne nectarine\u00a0: la Serra Brisa, une sangria \u00e0 la nectarine, sera \u00e9galement au programme. Enfin, le 26 ao\u00fbt, un atelier de fabrication de conserves de fruits press\u00e9s est propos\u00e9.<\/p>\n\n\n\n<p>Les trois ateliers se tiendront au Centre de Serveis d&#039;Aitona, \u00e0 10h00 et l&#039;entr\u00e9e sera gratuite.<\/p>\n\n\n\n<figure class=\"wp-block-image aligncenter size-large is-resized\"><img decoding=\"async\" src=\"https:\/\/fruiturisme.info\/wp-content\/uploads\/MG_2257ff-edited.jpg\" alt=\"\" class=\"wp-image-9929\" width=\"780\" srcset=\"https:\/\/fruiturisme.info\/wp-content\/uploads\/MG_2257ff-edited.jpg 1773w, https:\/\/fruiturisme.info\/wp-content\/uploads\/MG_2257ff-edited-352x198.jpg 352w, https:\/\/fruiturisme.info\/wp-content\/uploads\/MG_2257ff-edited-1120x630.jpg 1120w, https:\/\/fruiturisme.info\/wp-content\/uploads\/MG_2257ff-edited-768x432.jpg 768w, https:\/\/fruiturisme.info\/wp-content\/uploads\/MG_2257ff-edited-1536x864.jpg 1536w, https:\/\/fruiturisme.info\/wp-content\/uploads\/MG_2257ff-edited-1320x742.jpg 1320w, https:\/\/fruiturisme.info\/wp-content\/uploads\/MG_2257ff-edited-900x506.jpg 900w\" sizes=\"(max-width: 1773px) 100vw, 1773px\" \/><\/figure>\n\n\n\n<p class=\"has-white-color has-text-color\">.<\/p>\n\n\n\n<p class=\"has-vivid-red-color has-text-color has-medium-font-size\"><strong>Batuts \u00e0 la piscine<\/strong><\/p>\n\n\n\n<p>Les 23 juillet et 27 ao\u00fbt, venez vous d\u00e9tendre et vous amuser \u00e0 la piscine municipale tout en d\u00e9gustant de d\u00e9licieux fruits. Cette activit\u00e9 se d\u00e9roulera l&#039;apr\u00e8s-midi et le prix sera le prix d&#039;entr\u00e9e \u00e0 la piscine. De plus en plus de structures gonflables !<\/p>\n\n\n\n<p class=\"has-white-color has-text-color\">.<\/p>\n\n\n\n<p class=\"has-vivid-red-color has-text-color has-medium-font-size\"><strong>CONCOURS INSTAGRAM<\/strong><\/p>\n\n\n\n<p>Participer au concours est tr\u00e8s simple\u00a0: prenez des selfies avec les fruits (collint, menjant, avec les arbres fruitiers, etc.), ench\u00e9rissez sur Instagram, taguez #AitonaEnFruita22 et suivez @fruiturisme. Les gagnants remportent 100\u00a0\u20ac \u00e0 valoir sur des produits ou services d\u2019Aitona\u00a0!<\/p>\n\n\n\n<p>Vous pouvez consulter le r\u00e8glement du concours sur le site web.<\/p>\n\n\n\n<figure class=\"wp-block-image aligncenter size-large is-resized\"><img decoding=\"async\" src=\"https:\/\/fruiturisme.info\/wp-content\/uploads\/Concurs-dInstagram-1120x1120.jpg\" alt=\"\" class=\"wp-image-9932\" width=\"780\" srcset=\"https:\/\/fruiturisme.info\/wp-content\/uploads\/Concurs-dInstagram-1120x1120.jpg 1120w, https:\/\/fruiturisme.info\/wp-content\/uploads\/Concurs-dInstagram-352x352.jpg 352w, https:\/\/fruiturisme.info\/wp-content\/uploads\/Concurs-dInstagram-160x160.jpg 160w, https:\/\/fruiturisme.info\/wp-content\/uploads\/Concurs-dInstagram-768x768.jpg 768w, https:\/\/fruiturisme.info\/wp-content\/uploads\/Concurs-dInstagram-1536x1536.jpg 1536w, https:\/\/fruiturisme.info\/wp-content\/uploads\/Concurs-dInstagram-1320x1320.jpg 1320w, https:\/\/fruiturisme.info\/wp-content\/uploads\/Concurs-dInstagram-672x672.jpg 672w, https:\/\/fruiturisme.info\/wp-content\/uploads\/Concurs-dInstagram-900x900.jpg 900w, https:\/\/fruiturisme.info\/wp-content\/uploads\/Concurs-dInstagram-100x100.jpg 100w, https:\/\/fruiturisme.info\/wp-content\/uploads\/Concurs-dInstagram.jpg 2000w\" sizes=\"(max-width: 1120px) 100vw, 1120px\" \/><\/figure>","protected":false},"excerpt":{"rendered":"<p>L&#039;\u00e9t\u00e9 arrive et la saison des fruits commence \u00e0 Aitona. En juillet et ao\u00fbt derniers, j&#039;ai pass\u00e9 un s\u00e9jour tr\u00e8s agr\u00e9able \u00e0 Aitona. Vous pourrez constater par vous-m\u00eame la multitude d&#039;activit\u00e9s propos\u00e9es pour toute la famille et pour tous les go\u00fbts, avec les fruits \u00e0 l&#039;honneur. Tenterez-vous\u00a0? [\u2026]<\/p>","protected":false},"author":5,"featured_media":9907,"comment_status":"closed","ping_status":"open","sticky":false,"template":"","format":"standard","meta":{"inline_featured_image":false,"footnotes":""},"categories":[11],"tags":[],"class_list":["post-9890","post","type-post","status-publish","format-standard","has-post-thumbnail","hentry","category-sin-categoria-ca"],"_links":{"self":[{"href":"https:\/\/fruiturisme.info\/fr\/wp-json\/wp\/v2\/posts\/9890","targetHints":{"allow":["GET"]}}],"collection":[{"href":"https:\/\/fruiturisme.info\/fr\/wp-json\/wp\/v2\/posts"}],"about":[{"href":"https:\/\/fruiturisme.info\/fr\/wp-json\/wp\/v2\/types\/post"}],"author":[{"embeddable":true,"href":"https:\/\/fruiturisme.info\/fr\/wp-json\/wp\/v2\/users\/5"}],"replies":[{"embeddable":true,"href":"https:\/\/fruiturisme.info\/fr\/wp-json\/wp\/v2\/comments?post=9890"}],"version-history":[{"count":15,"href":"https:\/\/fruiturisme.info\/fr\/wp-json\/wp\/v2\/posts\/9890\/revisions"}],"predecessor-version":[{"id":9967,"href":"https:\/\/fruiturisme.info\/fr\/wp-json\/wp\/v2\/posts\/9890\/revisions\/9967"}],"wp:featuredmedia":[{"embeddable":true,"href":"https:\/\/fruiturisme.info\/fr\/wp-json\/wp\/v2\/media\/9907"}],"wp:attachment":[{"href":"https:\/\/fruiturisme.info\/fr\/wp-json\/wp\/v2\/media?parent=9890"}],"wp:term":[{"taxonomy":"category","embeddable":true,"href":"https:\/\/fruiturisme.info\/fr\/wp-json\/wp\/v2\/categories?post=9890"},{"taxonomy":"post_tag","embeddable":true,"href":"https:\/\/fruiturisme.info\/fr\/wp-json\/wp\/v2\/tags?post=9890"}],"curies":[{"name":"wp","href":"https:\/\/api.w.org\/{rel}","templated":true}]}}