{"id":235,"date":"2022-01-19T11:13:36","date_gmt":"2022-01-19T10:13:36","guid":{"rendered":"https:\/\/fruiturisme.info\/?p=235"},"modified":"2022-02-07T16:23:31","modified_gmt":"2022-02-07T15:23:31","slug":"le-27-fevrier-viii-revient-a-la-panta-dutxesa","status":"publish","type":"post","link":"https:\/\/fruiturisme.info\/fr\/le-27-fevrier-viii-revient-a-la-panta-dutxesa\/","title":{"rendered":"Le 27 f\u00e9vrier VIII Volta al Pant\u00e0 d&#039;Utxesa"},"content":{"rendered":"<p><strong>Les inscriptions au cours se font exclusivement en ligne. Enguany la prova fera un don solidaire et apportera son soutien \u00e0 l&#039;Oncolliga.<\/strong><\/p>\n\n\n\n<p>Le conseil municipal d&#039;Aitona collabore encore davantage \u00e0 l&#039;organisation de <strong>Retour au r\u00e9servoir d&#039;Utxesa<\/strong>, preuve sportive de r\u00e9f\u00e9rence au Baix Segre qui enguany arrive \u00e0 l&#039;\u00e9dition seva vuitena.<\/p>\n\n\n\n<p>Le lendemain sera le jour <strong>27 f\u00e9vrier<\/strong> i comptar\u00e0 amb una <strong>Parcours pour adultes de 10 ou 6,5 kilom\u00e8tres<\/strong> et un <strong>cours pour les nourrissons<\/strong>.<\/p>\n\n\n\n<p>Les inscriptions peuvent \u00eatre officialis\u00e9es via les liens suivants\u00a0:<\/p>\n\n\n\n<ul class=\"has-black-color has-text-color wp-block-list\"><li><a href=\"https:\/\/www.iter5.cat\/inscripcions\/formCursa.php?id=1613&amp;fbclid=IwAR0Flj7QdLkoLt_WvqziRd1_vgno9Wgjd3F9C8B2GOGR4gZmHrt1YuuZHsE\" target=\"_blank\" rel=\"noopener\">Parcours de 10 ou 6,5 kilom\u00e8tres.<\/a><\/li><li><a href=\"https:\/\/www.iter5.cat\/inscripcions\/formCursa.php?id=1614&amp;fbclid=IwAR3yEPDzm9LJyTWINw5GkQt6UrQx2RLcW8HC9MLyL5eMlGaJiJ2s9RUJIJ0\" target=\"_blank\" rel=\"noopener\">Cours pour enfants.<\/a><\/li><\/ul>","protected":false},"excerpt":{"rendered":"<p>Les inscriptions au stage se font exclusivement en ligne. Enguany la prova fera un don solidaire et apportera son soutien \u00e0 l&#039;Oncolliga. La mairie d&#039;Aitona collabore une nouvelle fois \u00e0 l&#039;organisation de la Volta al Pant\u00e0 d&#039;Utxesa, \u00e9v\u00e9nement sportif phare du Baix Segre, qui donnera lieu \u00e0 la prochaine \u00e9dition. [\u2026]<\/p>","protected":false},"author":5,"featured_media":236,"comment_status":"closed","ping_status":"open","sticky":false,"template":"","format":"standard","meta":{"inline_featured_image":false,"footnotes":""},"categories":[11],"tags":[],"class_list":["post-235","post","type-post","status-publish","format-standard","has-post-thumbnail","hentry","category-sin-categoria-ca"],"_links":{"self":[{"href":"https:\/\/fruiturisme.info\/fr\/wp-json\/wp\/v2\/posts\/235","targetHints":{"allow":["GET"]}}],"collection":[{"href":"https:\/\/fruiturisme.info\/fr\/wp-json\/wp\/v2\/posts"}],"about":[{"href":"https:\/\/fruiturisme.info\/fr\/wp-json\/wp\/v2\/types\/post"}],"author":[{"embeddable":true,"href":"https:\/\/fruiturisme.info\/fr\/wp-json\/wp\/v2\/users\/5"}],"replies":[{"embeddable":true,"href":"https:\/\/fruiturisme.info\/fr\/wp-json\/wp\/v2\/comments?post=235"}],"version-history":[{"count":3,"href":"https:\/\/fruiturisme.info\/fr\/wp-json\/wp\/v2\/posts\/235\/revisions"}],"predecessor-version":[{"id":398,"href":"https:\/\/fruiturisme.info\/fr\/wp-json\/wp\/v2\/posts\/235\/revisions\/398"}],"wp:featuredmedia":[{"embeddable":true,"href":"https:\/\/fruiturisme.info\/fr\/wp-json\/wp\/v2\/media\/236"}],"wp:attachment":[{"href":"https:\/\/fruiturisme.info\/fr\/wp-json\/wp\/v2\/media?parent=235"}],"wp:term":[{"taxonomy":"category","embeddable":true,"href":"https:\/\/fruiturisme.info\/fr\/wp-json\/wp\/v2\/categories?post=235"},{"taxonomy":"post_tag","embeddable":true,"href":"https:\/\/fruiturisme.info\/fr\/wp-json\/wp\/v2\/tags?post=235"}],"curies":[{"name":"wp","href":"https:\/\/api.w.org\/{rel}","templated":true}]}}