{"id":231,"date":"2021-12-20T11:10:36","date_gmt":"2021-12-20T10:10:36","guid":{"rendered":"https:\/\/fruiturisme.info\/?p=231"},"modified":"2022-02-01T11:42:24","modified_gmt":"2022-02-01T10:42:24","slug":"aitona-presente-aquest-nadal-el-fruiturisme-luminos","status":"publish","type":"post","link":"https:\/\/fruiturisme.info\/fr\/aitona-presente-aquest-nadal-el-fruiturisme-luminos\/","title":{"rendered":"Aitona pr\u00e9sente le \u201c Fruiturisme lumin\u00f3s \u201d de Nadal\u201d"},"content":{"rendered":"<p><strong>Une cinquantaine d&#039;arbres fruitiers, aliment\u00e9s par l&#039;\u00e9nergie solaire, c\u00f4toient des arbres enneig\u00e9s et offrent un spectacle visible depuis l&#039;ermitage de Sant Joan de Carratal\u00e0.<\/strong><\/p>\n\n\n\n<p>Le conseil municipal d&#039;Aitona promeut cette initiative nouvelle et originale de Nadal, s&#039;inscrivant pleinement dans le cadre du projet Fruiturisme : <strong>\u201cFruiturisme llumin\u00f3s\u201d<\/strong>. Cette action, pionni\u00e8re sur le territoire, consiste en <strong>activer l&#039;illumination de Nadalenca dans cinquante arbres<\/strong> des campements fruitiers de la commune pour qu&#039;\u00e0 puguin gaudir tous les veines et veines et visiteurs pendant les festivit\u00e9s des Nadalenques.<\/p>\n\n\n\n<p>Ces arbres sont<strong> il\u00b7luminats \u00e0 \u00e9nergie solaire<\/strong> et vous pourrez admirer une vue panoramique exceptionnelle apr\u00e8s le coucher du soleil, puisque les arbres illumin\u00e9s se trouvent au pied de l&#039;arbre.\u2019<strong>ermitage de Sant Joan de Carratala<\/strong>. Par cons\u00e9quent, le conseil municipal a pour objectif de soutenir financi\u00e8rement cette initiative de mani\u00e8re continue chaque ann\u00e9e et invite tous les habitants de la commune \u00e0 participer \u00e0 l&#039;illumination de certains de ses arbres.<\/p>\n\n\n\n<p>Rosa Pujol, maire d&#039;Aitona, souligne le caract\u00e8re novateur et durable de cette initiative et les progr\u00e8s accomplis. <strong>\u201c Ces actions contribuent \u00e0 consolider le caract\u00e8re innovant et durable du projet Fruiturisme, qui n&#039;int\u00e8gre pas de nouvelles activit\u00e9s. Nadal pourra ainsi accompagner Aitona dans deux nouvelles initiatives dont nous esp\u00e9rons qu&#039;elles conna\u00eetront un long succ\u00e8s et dont nous sommes convaincus. \u201d<\/strong>.<\/p>\n\n\n\n<p>En ce sens, le \u201c Fruiturisme lumineux \u201d se joindra ces jours-ci \u00e0 la c\u00e9l\u00e9bration du premier <strong>\u201cNadal dol\u00e7 d&#039;Aitona\u201d<\/strong>, un \u00e9v\u00e9nement qui aura lieu le 23 d\u00e9cembre prochain sur la Pla\u00e7a de l&#039;Esgl\u00e9sia. Ce jour-l\u00e0, \u00e0 partir de 16 heures, ce sera l&#039;heure <strong>La premi\u00e8re gaffe de Tronc \u201caitonenc\u201d<\/strong>, <strong>chocolat chaud avec du coca<\/strong>&nbsp;pour tothom, la performance du groupe des versions&nbsp;<strong>Le Golden Beat, arr\u00eats de proximit\u00e9<\/strong>&nbsp;de la ville et d&#039;un&nbsp;<strong>Point violet<\/strong>.<\/p>","protected":false},"excerpt":{"rendered":"<p>Une cinquantaine d&#039;arbres fruitiers, illumin\u00e9s par l&#039;\u00e9nergie solaire et recouverts de neige, sont visibles depuis l&#039;ermitage de Sant Joan de Carratal\u00e0. La mairie d&#039;Aitona promeut cette initiative originale, la \u201c Fruiturisme lumineuse \u201d, au sein du projet Fruiturisme. Cette action, pionni\u00e8re sur le territoire, consiste \u00e0 illuminer les arbres fruitiers de Nadalenca.<\/p>","protected":false},"author":5,"featured_media":233,"comment_status":"closed","ping_status":"open","sticky":false,"template":"","format":"standard","meta":{"inline_featured_image":false,"footnotes":""},"categories":[11],"tags":[],"class_list":["post-231","post","type-post","status-publish","format-standard","has-post-thumbnail","hentry","category-sin-categoria-ca"],"_links":{"self":[{"href":"https:\/\/fruiturisme.info\/fr\/wp-json\/wp\/v2\/posts\/231","targetHints":{"allow":["GET"]}}],"collection":[{"href":"https:\/\/fruiturisme.info\/fr\/wp-json\/wp\/v2\/posts"}],"about":[{"href":"https:\/\/fruiturisme.info\/fr\/wp-json\/wp\/v2\/types\/post"}],"author":[{"embeddable":true,"href":"https:\/\/fruiturisme.info\/fr\/wp-json\/wp\/v2\/users\/5"}],"replies":[{"embeddable":true,"href":"https:\/\/fruiturisme.info\/fr\/wp-json\/wp\/v2\/comments?post=231"}],"version-history":[{"count":1,"href":"https:\/\/fruiturisme.info\/fr\/wp-json\/wp\/v2\/posts\/231\/revisions"}],"predecessor-version":[{"id":232,"href":"https:\/\/fruiturisme.info\/fr\/wp-json\/wp\/v2\/posts\/231\/revisions\/232"}],"wp:featuredmedia":[{"embeddable":true,"href":"https:\/\/fruiturisme.info\/fr\/wp-json\/wp\/v2\/media\/233"}],"wp:attachment":[{"href":"https:\/\/fruiturisme.info\/fr\/wp-json\/wp\/v2\/media?parent=231"}],"wp:term":[{"taxonomy":"category","embeddable":true,"href":"https:\/\/fruiturisme.info\/fr\/wp-json\/wp\/v2\/categories?post=231"},{"taxonomy":"post_tag","embeddable":true,"href":"https:\/\/fruiturisme.info\/fr\/wp-json\/wp\/v2\/tags?post=231"}],"curies":[{"name":"wp","href":"https:\/\/api.w.org\/{rel}","templated":true}]}}