{"id":228,"date":"2022-01-07T11:09:02","date_gmt":"2022-01-07T10:09:02","guid":{"rendered":"https:\/\/fruiturisme.info\/?p=228"},"modified":"2022-02-02T15:12:15","modified_gmt":"2022-02-02T14:12:15","slug":"autel-de-leglise","status":"publish","type":"post","link":"https:\/\/fruiturisme.info\/fr\/autel-de-leglise\/","title":{"rendered":"L&#039;\u00e9glise de Sant Antol\u00ed inaugure le nouveau ma\u00eetre-autel d&#039;un restaurant policier"},"content":{"rendered":"<p><strong>La performance a \u00e9t\u00e9 r\u00e9alis\u00e9e par le restaurateur Ramon Sol\u00e9.<\/strong><\/p>\n\n\n\n<p>Le 8 de ce mois a c\u00e9l\u00e9br\u00e9 l&#039;inauguration de <strong>nouveau ma\u00eetre-autel de l&#039;\u00e9glise de Sant Antol\u00ed<\/strong>, Un policier a achev\u00e9 les travaux de restauration entrepris par le conseil municipal d&#039;Aitona ces derni\u00e8res semaines. La maire d&#039;Aitona, Rosa Pujol, et le maire de Lleida, M. Salvador Gim\u00e9nez Valls, \u00e9taient pr\u00e9sents.<\/p>\n\n\n\n<p>L&#039;objectif de cette intervention sur le ma\u00eetre-autel \u00e9tait de garantir son \u00e9tat de conservation et de mettre en valeur cet \u00e9l\u00e9ment religieux d&#039;une grande valeur symbolique. Les travaux ont \u00e9t\u00e9 r\u00e9alis\u00e9s par le restaurateur. <strong>Ramon Sol\u00e9<\/strong>, qui englobera les travaux de restauration effectu\u00e9s \u00e0 l&#039;extr\u00e9mit\u00e9 de l&#039;ermitage de Sant Joan, auquel le conseil municipal a remerci\u00e9 et dont il a salu\u00e9 l&#039;importance pour l&#039;histoire de la ville.<\/p>\n\n\n\n<p>Rosa Pujol, maire d&#039;Aitona, explique que <strong>\u201c L\u2019\u00e9glise Sant Antol\u00ed est l\u2019un de nos tr\u00e9sors les plus pr\u00e9cieux et repr\u00e9sente une activit\u00e9 religieuse, patrimoniale et touristique d\u2019une grande importance pour la population et notre territoire. Les actions men\u00e9es \u00e0 son \u00e9gard nous permettent de continuer \u00e0 honorer ce lieu. \u00bb<\/strong>\u201d.<\/p>\n\n\n\n<p><strong><u>L&#039;\u00e9glise Sant Antol\u00ed et le retable principal<\/u><\/strong><\/p>\n\n\n\n<p>Sur le parcours guid\u00e9 \u201c Passejada pel nucli antic \u201d propos\u00e9 par Fruiturisme, l&#039;\u00e9glise Sant Antol\u00ed est le site patrimonial visit\u00e9, qui enrichit la visite. Sa fa\u00e7ade baroque et ses diff\u00e9rents espaces, autels et chapelles int\u00e9rieures permettent de d\u00e9couvrir l&#039;histoire, la culture et les divers patrimoines et traditions de la commune.<\/p>\n\n\n\n<p>Le retable original, de style baroque fran\u00e7ais, \u00e9tait l&#039;\u0153uvre du sculpteur Llu\u00eds Bonif\u00e0s i Mass\u00f3 (1730-1786), h\u00e9ritier d&#039;un groupe de sculpteurs barcelonais et figure embl\u00e9matique de la sculpture baroque catalane. \u0152uvre d&#039;un artiste de grand talent, il allie dans sa septi\u00e8me r\u00e9alisation une technique raffin\u00e9e, une conception mystique et une rigueur acad\u00e9mique. En 1763, il obtint le titre d&#039;Acad\u00e9mique de m\u00e9rite de l&#039;Acad\u00e9mie royale de San Fernando \u00e0 Madrid (rappelons qu&#039;au XVIIIe si\u00e8cle, seuls quatre sculpteurs catalans furent admis \u00e0 l&#039;Acad\u00e9mie). Le retable comportait l&#039;\u00e9cusson ducal des Medinacelli.<\/p>\n\n\n\n<p>En 1936, pendant la guerre civile, l&#039;\u00e9glise d&#039;Aitona fut profan\u00e9e et incin\u00e9r\u00e9e. Le retable baroque et l&#039;orgue du ch\u0153ur furent d\u00e9truits. Les ann\u00e9es 1890 virent une r\u00e9novation de l&#039;\u00e9glise, suivie des ann\u00e9es 1950 apr\u00e8s la Premi\u00e8re Guerre mondiale. Depuis la fin de la guerre et jusqu&#039;\u00e0 la Sant Josep en 1956, Sant Gaiet\u00e0 fut l&#039;\u00e9glise d&#039;Aitona, une f\u00eate c\u00e9l\u00e9br\u00e9e chaque jour.<\/p>\n\n\n\n<p>Le retable actuel est de cette \u00e9poque, une \u0153uvre magnifique, d\u00e9cor\u00e9e d&#039;or, imitant le baroque. La retaule est pr\u00e9sid\u00e9e par trois personnages : au centre, le patron Sant Antol\u00ed ; \u00e0 la seva dreta, Sant Antoni de P\u00e0dua ; et la seva esquerra, Sant Francesc Xavier.<\/p>","protected":false},"excerpt":{"rendered":"<p>La prestation a \u00e9t\u00e9 r\u00e9alis\u00e9e par le restaurateur Ramon Sol\u00e9. Ce samedi 8 juin, l&#039;inauguration du nouveau ma\u00eetre-autel de l&#039;\u00e9glise Sant Antol\u00ed a \u00e9t\u00e9 c\u00e9l\u00e9br\u00e9e, marquant ainsi l&#039;ach\u00e8vement des travaux de restauration entrepris par la mairie d&#039;Aitona ces derni\u00e8res semaines. La maire d&#039;Aitona, Rosa Pujol, \u00e9tait pr\u00e9sente\u00a0; [\u2026]<\/p>","protected":false},"author":5,"featured_media":229,"comment_status":"closed","ping_status":"open","sticky":false,"template":"","format":"standard","meta":{"inline_featured_image":false,"footnotes":""},"categories":[11],"tags":[],"class_list":["post-228","post","type-post","status-publish","format-standard","has-post-thumbnail","hentry","category-sin-categoria-ca"],"_links":{"self":[{"href":"https:\/\/fruiturisme.info\/fr\/wp-json\/wp\/v2\/posts\/228","targetHints":{"allow":["GET"]}}],"collection":[{"href":"https:\/\/fruiturisme.info\/fr\/wp-json\/wp\/v2\/posts"}],"about":[{"href":"https:\/\/fruiturisme.info\/fr\/wp-json\/wp\/v2\/types\/post"}],"author":[{"embeddable":true,"href":"https:\/\/fruiturisme.info\/fr\/wp-json\/wp\/v2\/users\/5"}],"replies":[{"embeddable":true,"href":"https:\/\/fruiturisme.info\/fr\/wp-json\/wp\/v2\/comments?post=228"}],"version-history":[{"count":2,"href":"https:\/\/fruiturisme.info\/fr\/wp-json\/wp\/v2\/posts\/228\/revisions"}],"predecessor-version":[{"id":234,"href":"https:\/\/fruiturisme.info\/fr\/wp-json\/wp\/v2\/posts\/228\/revisions\/234"}],"wp:featuredmedia":[{"embeddable":true,"href":"https:\/\/fruiturisme.info\/fr\/wp-json\/wp\/v2\/media\/229"}],"wp:attachment":[{"href":"https:\/\/fruiturisme.info\/fr\/wp-json\/wp\/v2\/media?parent=228"}],"wp:term":[{"taxonomy":"category","embeddable":true,"href":"https:\/\/fruiturisme.info\/fr\/wp-json\/wp\/v2\/categories?post=228"},{"taxonomy":"post_tag","embeddable":true,"href":"https:\/\/fruiturisme.info\/fr\/wp-json\/wp\/v2\/tags?post=228"}],"curies":[{"name":"wp","href":"https:\/\/api.w.org\/{rel}","templated":true}]}}