{"id":21448,"date":"2023-11-07T07:04:00","date_gmt":"2023-11-07T06:04:00","guid":{"rendered":"https:\/\/fruiturisme.info\/?p=21448"},"modified":"2023-11-08T11:53:33","modified_gmt":"2023-11-08T10:53:33","slug":"limpact-des-guerres-sur-les-civils","status":"publish","type":"post","link":"https:\/\/fruiturisme.info\/fr\/limpact-des-guerres-sur-les-civils\/","title":{"rendered":"L&#039;impact des guerres sur les civils"},"content":{"rendered":"<p>Gervasio S\u00e1nchez est journaliste, reporter de guerre et photographe. Il a couvert, en tant que reporter graphique, la plupart des conflits arm\u00e9s en Am\u00e9rique latine, la guerre du Golfe, la Bosnie, etc.<\/p>\n\n\n\n<p>Parmi les r\u00e9compenses d\u00e9cern\u00e9es \u00e0 la seva tasca, on peut citer : le prix Ortega y Gasset, le prix national de photographie et la Grand-Croix de l&#039;Ordre civil de la Solidarit\u00e9 sociale.<\/p>\n\n\n\n<p>Le 7 novembre, nous partagerons nos exp\u00e9riences avec eux.<\/p>\n\n\n\n<p>Les \u00e9l\u00e8ves de l&#039;ESO participeront \u00e0 la conf\u00e9rence \u201c La guerre n&#039;est pas un spectacle \u201d \u00e0 10h30 dans la salle pl\u00e9ni\u00e8re de la mairie d&#039;Aitona. L&#039;apr\u00e8s-midi, \u00e0 19h00, le grand public pourra les accompagner \u00e0 la conf\u00e9rence \u201c La dignit\u00e9 est ce qui compte \u201d.\u201d<\/p>\n\n\n\n<p>Laura Alcalde, pr\u00e9sidente du conseil d&#039;administration du Coll\u00e8ge des journalistes du district de Lleida, sera charg\u00e9e de remettre le don aux \u00e9l\u00e8ves de l&#039;ESO et au grand public dans la salle Plens du conseil municipal d&#039;Aitona.<\/p>\n\n\n\n<figure class=\"wp-block-image size-full\"><img decoding=\"async\" width=\"299\" height=\"167\" src=\"https:\/\/fruiturisme.info\/wp-content\/uploads\/gervasio.png\" alt=\"\" class=\"wp-image-21449\"\/><\/figure>","protected":false},"excerpt":{"rendered":"<p>Gervasio S\u00e1nchez est journaliste, reporter de guerre et photographe. Il a couvert, en tant que reporter graphique, la plupart des conflits arm\u00e9s en Am\u00e9rique latine, la guerre du Golfe, la Bosnie, etc. Parmi les distinctions qui lui ont \u00e9t\u00e9 d\u00e9cern\u00e9es, on peut citer le prix Ortega y Gasset, le prix national de la photographie et la Grand-Croix de l&#039;Ordre civil de la R\u00e9publique.<\/p>","protected":false},"author":5,"featured_media":21449,"comment_status":"closed","ping_status":"open","sticky":false,"template":"","format":"standard","meta":{"inline_featured_image":false,"footnotes":""},"categories":[11],"tags":[],"class_list":["post-21448","post","type-post","status-publish","format-standard","has-post-thumbnail","hentry","category-sin-categoria-ca"],"_links":{"self":[{"href":"https:\/\/fruiturisme.info\/fr\/wp-json\/wp\/v2\/posts\/21448","targetHints":{"allow":["GET"]}}],"collection":[{"href":"https:\/\/fruiturisme.info\/fr\/wp-json\/wp\/v2\/posts"}],"about":[{"href":"https:\/\/fruiturisme.info\/fr\/wp-json\/wp\/v2\/types\/post"}],"author":[{"embeddable":true,"href":"https:\/\/fruiturisme.info\/fr\/wp-json\/wp\/v2\/users\/5"}],"replies":[{"embeddable":true,"href":"https:\/\/fruiturisme.info\/fr\/wp-json\/wp\/v2\/comments?post=21448"}],"version-history":[{"count":1,"href":"https:\/\/fruiturisme.info\/fr\/wp-json\/wp\/v2\/posts\/21448\/revisions"}],"predecessor-version":[{"id":21450,"href":"https:\/\/fruiturisme.info\/fr\/wp-json\/wp\/v2\/posts\/21448\/revisions\/21450"}],"wp:featuredmedia":[{"embeddable":true,"href":"https:\/\/fruiturisme.info\/fr\/wp-json\/wp\/v2\/media\/21449"}],"wp:attachment":[{"href":"https:\/\/fruiturisme.info\/fr\/wp-json\/wp\/v2\/media?parent=21448"}],"wp:term":[{"taxonomy":"category","embeddable":true,"href":"https:\/\/fruiturisme.info\/fr\/wp-json\/wp\/v2\/categories?post=21448"},{"taxonomy":"post_tag","embeddable":true,"href":"https:\/\/fruiturisme.info\/fr\/wp-json\/wp\/v2\/tags?post=21448"}],"curies":[{"name":"wp","href":"https:\/\/api.w.org\/{rel}","templated":true}]}}