{"id":21436,"date":"2023-07-19T11:33:30","date_gmt":"2023-07-19T09:33:30","guid":{"rendered":"https:\/\/fruiturisme.info\/?p=21436"},"modified":"2023-07-19T11:38:13","modified_gmt":"2023-07-19T09:38:13","slug":"aitona-est-positionnee-comme-realisatrice-de-films-audiovisuels","status":"publish","type":"post","link":"https:\/\/fruiturisme.info\/fr\/aitona-est-positionnee-comme-realisatrice-de-films-audiovisuels\/","title":{"rendered":"Aitona se positionne comme un leader dans la r\u00e9alisation de films audiovisuels."},"content":{"rendered":"<p><strong>Le conseil municipal a adh\u00e9r\u00e9 \u00e0 la Commission du film de Catalogne dans le but de promouvoir la municipalit\u00e9 et ses diverses activit\u00e9s li\u00e9es au paysage et au patrimoine gr\u00e2ce \u00e0 un espace de tournage pour les productions audiovisuelles.<\/strong><\/p>\n\n\n\n<p>Le Conseil municipal s&#039;engage \u00e0 promouvoir les activit\u00e9s patrimoniales, naturelles et culturelles de la municipalit\u00e9 et \u00e0 contribuer \u00e0 la pr\u00e9servation du patrimoine du territoire.<\/p>\n\n\n\n<p>Dans cette optique, les consistori ont r\u00e9cemment adh\u00e9r\u00e9 \u00e0 la&nbsp;<strong>AC<\/strong><strong>Commission du film de Talunya<\/strong>, un service promu par le D\u00e9partement de la Culture de la Generalitat de Catalogne \u00e0 la disposition du secteur audiovisuel et des municipalit\u00e9s du pays \u2013 parmi lesquelles Aitona \u2013 dans le but de&nbsp;<strong>promouvoir et faciliter le transport vers le territoire<\/strong>; stimuler et consolider l&#039;industrie cin\u00e9matographique et audiovisuelle ; et aider \u00e0 la coordination et \u00e0 la r\u00e9alisation des tournages en ext\u00e9rieur avec Aitona.<\/p>\n\n\n\n<p>Aitona est la premi\u00e8re commune de Segri\u00e0 apr\u00e8s Lleida et repr\u00e9sente sa direction, qui constitue un centre de r\u00e9f\u00e9rence pour de nombreux localisateurs, producteurs et professionnels de l&#039;audiovisuel catalans et internationaux de l&#039;industrie musicale int\u00e9ress\u00e9s par des tournages en Catalogne. Rosa Pujol, maire d&#039;Aitona, assure que la collaboration avec la Commission catalane du film est fructueuse.\u00a0<strong>\u201c Cela nous permet d&#039;am\u00e9liorer et de renforcer les canaux de communication directe entre les producteurs audiovisuels et de faciliter la production cin\u00e9matographique dans la commune. Aitona a beaucoup \u00e0 offrir\u00a0: un environnement naturel unique et un patrimoine historique riche et diversifi\u00e9. \u201d<\/strong>.<\/p>\n\n\n\n<p>En ce sens, Aitona a \u00e9t\u00e9 parmi les nombreux r\u00e9alisateurs de diff\u00e9rents tournages audiovisuels ; parmi eux, le film \u201c Segon Origen ! de Carles Porta, d&#039;apr\u00e8s le roman de Manuel de Pedrolo ; diverses sc\u00e8nes du film sanglant \u201d Alcarr\u00e0s \u201c, de Carla Sim\u00f3n ; ou diff\u00e9rents clips vid\u00e9o musicaux.<\/p>\n\n\n\n<p><strong>Aitona, une commune idyllique pour les films audiovisuels<\/strong><\/p>\n\n\n\n<p>Aitona est r\u00e9put\u00e9e pour la qualit\u00e9 de ses fruits sucr\u00e9s, issus de ses terres privil\u00e9gi\u00e9es. Elle poss\u00e8de \u00e9galement un patrimoine exceptionnel\u00a0: l\u2019\u00e9glise Sant Antol\u00ed, construite sur les pierres du Castell dels Montcada a Aitona, la chapelle Sant Gaiet\u00e0 et l\u2019ermitage de Carratal\u00e0 en sont de bons exemples.<\/p>\n\n\n\n<p>Disposa d&#039;espais de sec\u00e0, com la Serra Brisa, avec Robert Capa immortalisant la darrera de l&#039;offensive r\u00e9publicaine de 1938\u00a0; et les Erms d&#039;Aitona, avec leurs paysages d\u00e9sertiques. Une mention sp\u00e9ciale a \u00e9t\u00e9 faite du jaciment de Gen\u00f3, o\u00f9 apparaissent les premiers signes de production de bi\u00e8re \u00e0 l&#039;\u00e9chelle europ\u00e9enne. Par ailleurs, l&#039;agriculture irrigu\u00e9e offre des paysages impressionnants au printemps, des fruits en \u00e9t\u00e9 et un d\u00e9grad\u00e9 de vert et de gris en fin d&#039;apr\u00e8s-midi.<\/p>","protected":false},"excerpt":{"rendered":"<p>La municipalit\u00e9 a adh\u00e9r\u00e9 \u00e0 la Commission du film de Catalogne dans le but de promouvoir la commune et ses divers paysages et activit\u00e9s patrimoniales gr\u00e2ce \u00e0 un espace de tournage pour les productions audiovisuelles. La municipalit\u00e9 s&#039;engage \u00e0 promouvoir le patrimoine, les richesses naturelles et culturelles de la commune et \u00e0 contribuer \u00e0 la valorisation de son territoire. [\u2026]<\/p>","protected":false},"author":5,"featured_media":21437,"comment_status":"closed","ping_status":"open","sticky":false,"template":"","format":"standard","meta":{"inline_featured_image":false,"footnotes":""},"categories":[11],"tags":[],"class_list":["post-21436","post","type-post","status-publish","format-standard","has-post-thumbnail","hentry","category-sin-categoria-ca"],"_links":{"self":[{"href":"https:\/\/fruiturisme.info\/fr\/wp-json\/wp\/v2\/posts\/21436","targetHints":{"allow":["GET"]}}],"collection":[{"href":"https:\/\/fruiturisme.info\/fr\/wp-json\/wp\/v2\/posts"}],"about":[{"href":"https:\/\/fruiturisme.info\/fr\/wp-json\/wp\/v2\/types\/post"}],"author":[{"embeddable":true,"href":"https:\/\/fruiturisme.info\/fr\/wp-json\/wp\/v2\/users\/5"}],"replies":[{"embeddable":true,"href":"https:\/\/fruiturisme.info\/fr\/wp-json\/wp\/v2\/comments?post=21436"}],"version-history":[{"count":1,"href":"https:\/\/fruiturisme.info\/fr\/wp-json\/wp\/v2\/posts\/21436\/revisions"}],"predecessor-version":[{"id":21438,"href":"https:\/\/fruiturisme.info\/fr\/wp-json\/wp\/v2\/posts\/21436\/revisions\/21438"}],"wp:featuredmedia":[{"embeddable":true,"href":"https:\/\/fruiturisme.info\/fr\/wp-json\/wp\/v2\/media\/21437"}],"wp:attachment":[{"href":"https:\/\/fruiturisme.info\/fr\/wp-json\/wp\/v2\/media?parent=21436"}],"wp:term":[{"taxonomy":"category","embeddable":true,"href":"https:\/\/fruiturisme.info\/fr\/wp-json\/wp\/v2\/categories?post=21436"},{"taxonomy":"post_tag","embeddable":true,"href":"https:\/\/fruiturisme.info\/fr\/wp-json\/wp\/v2\/tags?post=21436"}],"curies":[{"name":"wp","href":"https:\/\/api.w.org\/{rel}","templated":true}]}}