{"id":21448,"date":"2023-11-07T07:04:00","date_gmt":"2023-11-07T06:04:00","guid":{"rendered":"https:\/\/fruiturisme.info\/?p=21448"},"modified":"2023-11-08T11:53:33","modified_gmt":"2023-11-08T10:53:33","slug":"limpacte-de-les-guerres-sobre-els-civils","status":"publish","type":"post","link":"https:\/\/fruiturisme.info\/es\/limpacte-de-les-guerres-sobre-els-civils\/","title":{"rendered":"L&#8217;impacte de les guerres sobre els civils"},"content":{"rendered":"\n<p>Gervasio S\u00e1nchez \u00e9s periodista, reporter de guerra i fot\u00f2graf. Ha cobert, com a reporter gr\u00e0fic, la majoria de confictes de guerra a l&#8217;Am\u00e8rica Llatina, la guerra del Golf, B\u00f2snia,etc.<\/p>\n\n\n\n<p>Destaquen els premis concedits a la seva tasca: Premi Ortega y Gasset, premi nacional de fotografia i la Gran Cruz de la Orden Civil de la Solidaridad Social.<\/p>\n\n\n\n<p>El proper dia 7 de novembre prodrem compartir experi\u00e8ncies amb ell.<\/p>\n\n\n\n<p>Els alumnes d&#8217;ESO gaudiran de la confer\u00e8ncia &#8220;La guerra no \u00e9s un espectacle&#8221; a les 10.30 al sal\u00f3 de plens de l&#8217;ajuntament d&#8217;Aitona i a la tarda, a les 19.00 h i en el mateix espai, el p\u00fablic en general podr\u00e0 acompanyar-lo en la xerrada &#8220;La dignitat \u00e9s el que importa&#8221;<\/p>\n\n\n\n<p>Laura Alcalde, presidenta de la Junta del Col\u00b7legi de Periodistes a la demarcaci\u00f3 de Lleida, ser\u00e0 l&#8217;encarregada de donar la benvinguda als estudiants d&#8217;ESO i al p\u00fablic en general al sal\u00f3 de Plens de l&#8217;Ajuntament d&#8217;Aitona<\/p>\n\n\n\n<figure class=\"wp-block-image size-full\"><img decoding=\"async\" width=\"299\" height=\"167\" src=\"https:\/\/fruiturisme.info\/wp-content\/uploads\/gervasio.png\" alt=\"\" class=\"wp-image-21449\"\/><\/figure>\n","protected":false},"excerpt":{"rendered":"<p>Gervasio S\u00e1nchez \u00e9s periodista, reporter de guerra i fot\u00f2graf. Ha cobert, com a reporter gr\u00e0fic, la majoria de confictes de guerra a l&#8217;Am\u00e8rica Llatina, la guerra del Golf, B\u00f2snia,etc. Destaquen els premis concedits a la seva tasca: Premi Ortega y Gasset, premi nacional de fotografia i la Gran Cruz de la Orden Civil de la [&hellip;]<\/p>\n","protected":false},"author":5,"featured_media":21449,"comment_status":"closed","ping_status":"open","sticky":false,"template":"","format":"standard","meta":{"inline_featured_image":false,"footnotes":""},"categories":[11],"tags":[],"class_list":["post-21448","post","type-post","status-publish","format-standard","has-post-thumbnail","hentry","category-sin-categoria-ca"],"_links":{"self":[{"href":"https:\/\/fruiturisme.info\/es\/wp-json\/wp\/v2\/posts\/21448","targetHints":{"allow":["GET"]}}],"collection":[{"href":"https:\/\/fruiturisme.info\/es\/wp-json\/wp\/v2\/posts"}],"about":[{"href":"https:\/\/fruiturisme.info\/es\/wp-json\/wp\/v2\/types\/post"}],"author":[{"embeddable":true,"href":"https:\/\/fruiturisme.info\/es\/wp-json\/wp\/v2\/users\/5"}],"replies":[{"embeddable":true,"href":"https:\/\/fruiturisme.info\/es\/wp-json\/wp\/v2\/comments?post=21448"}],"version-history":[{"count":1,"href":"https:\/\/fruiturisme.info\/es\/wp-json\/wp\/v2\/posts\/21448\/revisions"}],"predecessor-version":[{"id":21450,"href":"https:\/\/fruiturisme.info\/es\/wp-json\/wp\/v2\/posts\/21448\/revisions\/21450"}],"wp:featuredmedia":[{"embeddable":true,"href":"https:\/\/fruiturisme.info\/es\/wp-json\/wp\/v2\/media\/21449"}],"wp:attachment":[{"href":"https:\/\/fruiturisme.info\/es\/wp-json\/wp\/v2\/media?parent=21448"}],"wp:term":[{"taxonomy":"category","embeddable":true,"href":"https:\/\/fruiturisme.info\/es\/wp-json\/wp\/v2\/categories?post=21448"},{"taxonomy":"post_tag","embeddable":true,"href":"https:\/\/fruiturisme.info\/es\/wp-json\/wp\/v2\/tags?post=21448"}],"curies":[{"name":"wp","href":"https:\/\/api.w.org\/{rel}","templated":true}]}}