{"id":239,"date":"2021-11-22T11:15:22","date_gmt":"2021-11-22T10:15:22","guid":{"rendered":"https:\/\/fruiturisme.info\/?p=239"},"modified":"2022-02-01T11:41:47","modified_gmt":"2022-02-01T10:41:47","slug":"la-nova-ruta-robert-capa-a-aitona-comenca-a-acollir-els-primers-visitants","status":"publish","type":"post","link":"https:\/\/fruiturisme.info\/ca\/la-nova-ruta-robert-capa-a-aitona-comenca-a-acollir-els-primers-visitants\/","title":{"rendered":"La nova ruta \u201cRobert Capa a Aitona\u201d comen\u00e7a a acollir els primers visitants"},"content":{"rendered":"<p><strong>El recorregut s&#039;allarga durant prop d&#039;un kil\u00f2metre i compta amb 11 punts senyalitzats on s&#039;exposen les fotografies que Robert Capa va fer als espais d&#039;Aitona. Al principi de la ruta tamb\u00e9 s&#039;han disposat quatre panells on es desgrana la figura del fotoperiodista i el seu pas pel municipi.<\/strong><\/p>\n\n\n\n<p>Aquest diumenge 21 de novembre l&#039;Ajuntament ha presentat p\u00fablicament <strong><a href=\"https:\/\/drive.google.com\/file\/d\/14gwv7F7j5NDH5UMijpai_w6k9hcmZ6pW\/view?usp=sharing\" target=\"_blank\" rel=\"noopener\">\u201cRobert Capa a Aitona\u201d<\/a><\/strong>, la nova ruta de descobriment del patrimoni paisatg\u00edstic i hist\u00f2ric del municipi que aquest 2021 impulsa el consistori amb l&#039;objectiu de seguir nutrient el projecte de <strong>Fruitruisme<\/strong> de nou contingut.<\/p>\n\n\n\n<p>L&#039;acte d&#039;inauguraci\u00f3 ha estat a c\u00e0rrec de l&#039;alcaldessa d&#039;Aitona, Rosa Pujol; Joan Talarn, president de la Diputaci\u00f3 de Lleida; Estefania Rufach, vicepresidenta de l&#039;Institut d&#039;Estudis Ilerdencs; Montserrat Messeguer, directora dels serveis territorials del Departament de Just\u00edcia a Lleida; membres del consistori municipal; i alcaldes de la zona. La ruta, a m\u00e9s, ha estat presentada per Pol Galit\u00f3, estudi\u00f3s de la Guerra Civil espanyola; i Joan Ramon Gonz\u00e1lez, coordinador de la ruta.<\/p>\n\n\n\n<p>Rosa Pujol valora molt positivament l&#039;inici del projecte i explica que <strong>\u201caquesta nova ruta, que \u00e9s fruit del treball ingent de moltes persones i institucions a qui vulgueu agrader la seva implicaci\u00f3, representa un pas m\u00e9s en la consolidaci\u00f3 d&#039;Aitona com una de les destinacions tur\u00edstiques <\/strong><strong>amb m\u00e9s projecci\u00f3 i actius de tot el nostre territori\u201d<\/strong>.<\/p>\n\n\n\n<p>La ruta es pot fer per lliure i tamb\u00e9 hi ha la possibilitat de concertar visites guiades amb els guies locals.<\/p>\n\n\n\n<p><strong><u>En qu\u00e8 consisteix la Ruta Robert Capa?<\/u><\/strong><\/p>\n\n\n\n<p>La nova ruta \u201cRobert Capa a Aitona\u201d cobreix una dist\u00e0ncia de <strong>prop d&#039;un kil\u00f2metre<\/strong> per l&#039;entorn d&#039;Aitona consta d&#039;un total d&#039;\u2019<strong>onze estacions<\/strong>. A cada una d&#039;elles s&#039;han habilitat<strong> plafons informatius <\/strong>en diferents idiomes (catal\u00e0, castell\u00e0, aran\u00e8s, angl\u00e8s i franc\u00e8s) on s&#039;explica detalladament les passades del fotoperiodista Ern\u00f6 Friedmann -conegut amb el pseud\u00f2nim Robert Capa- per Aitona el 7 de novembre de 1938. Al principi de la ruta, a m\u00e9s, tamb\u00e9 hi ha quatre panells on es parla de la figura de Robert.<\/p>\n\n\n\n<p>Robert Capa documenta fotogr\u00e0ficament la <strong>darrera ofensiva de l&#039;ex\u00e8rcit republic\u00e0 a Catalunya durant la Guerra Civil espanyola<\/strong>, que pretenia arribar a Fraga i facilitar la retirada de les tropes que portaven lluitant a l&#039;Ebre des del 25 de juliol. L&#039;atac va tenir com a escenari diversos empla\u00e7aments de la Serrabrisa i va ser repel\u00b7lit de forma contundent per les tropes franquistes.<\/p>","protected":false},"excerpt":{"rendered":"<p>El recorregut s&#039;allarga durant prop d&#039;un kil\u00f2metre i compta amb 11 punts senyalitzats on s&#039;exposen les fotografies que Robert Capa va fer als espais d&#039;Aitona. Al principi de la ruta tamb\u00e9 s&#039;han disposat quatre panells on es desgrana la figura del fotoperiodista i el seu pas pel municipi. Aquest diumenge 21 de novembre l&#039;Ajuntament ha [\u2026]<\/p>","protected":false},"author":5,"featured_media":240,"comment_status":"closed","ping_status":"open","sticky":false,"template":"","format":"standard","meta":{"inline_featured_image":false,"footnotes":""},"categories":[11],"tags":[],"class_list":["post-239","post","type-post","status-publish","format-standard","has-post-thumbnail","hentry","category-sin-categoria-ca"],"_links":{"self":[{"href":"https:\/\/fruiturisme.info\/ca\/wp-json\/wp\/v2\/posts\/239","targetHints":{"allow":["GET"]}}],"collection":[{"href":"https:\/\/fruiturisme.info\/ca\/wp-json\/wp\/v2\/posts"}],"about":[{"href":"https:\/\/fruiturisme.info\/ca\/wp-json\/wp\/v2\/types\/post"}],"author":[{"embeddable":true,"href":"https:\/\/fruiturisme.info\/ca\/wp-json\/wp\/v2\/users\/5"}],"replies":[{"embeddable":true,"href":"https:\/\/fruiturisme.info\/ca\/wp-json\/wp\/v2\/comments?post=239"}],"version-history":[{"count":2,"href":"https:\/\/fruiturisme.info\/ca\/wp-json\/wp\/v2\/posts\/239\/revisions"}],"predecessor-version":[{"id":256,"href":"https:\/\/fruiturisme.info\/ca\/wp-json\/wp\/v2\/posts\/239\/revisions\/256"}],"wp:featuredmedia":[{"embeddable":true,"href":"https:\/\/fruiturisme.info\/ca\/wp-json\/wp\/v2\/media\/240"}],"wp:attachment":[{"href":"https:\/\/fruiturisme.info\/ca\/wp-json\/wp\/v2\/media?parent=239"}],"wp:term":[{"taxonomy":"category","embeddable":true,"href":"https:\/\/fruiturisme.info\/ca\/wp-json\/wp\/v2\/categories?post=239"},{"taxonomy":"post_tag","embeddable":true,"href":"https:\/\/fruiturisme.info\/ca\/wp-json\/wp\/v2\/tags?post=239"}],"curies":[{"name":"wp","href":"https:\/\/api.w.org\/{rel}","templated":true}]}}